


{"id":108,"date":"2016-03-15T12:10:20","date_gmt":"2016-03-15T12:10:20","guid":{"rendered":"http:\/\/www.paroquiadesilgueiros.pt\/?p=108"},"modified":"2026-08-10T15:08:14","modified_gmt":"2026-08-10T15:08:14","slug":"liturgia","status":"publish","type":"post","link":"https:\/\/www.paroquiadesilgueiros.pt\/?p=108","title":{"rendered":"Leituras"},"content":{"rendered":"<p style=\"text-align: center;\"><span style=\"font-size: 24pt; color: #008000;\"><strong>XX Domingo do Tempo Comum<\/strong><\/span><\/p>\n<p>&nbsp;<\/p>\n<p>&nbsp;<\/p>\n<p style=\"text-align: center;\"><span style=\"font-size: 14pt; color: #ff0000;\"><em>Ano<\/em><em> A<\/em><\/span><\/p>\n<p>&nbsp;<\/p>\n<p>&nbsp;<\/p>\n<p style=\"text-align: center;\"><span style=\"font-size: 14pt;\"><span style=\"font-size: 18pt;\">16 de Agosto de 2026<\/span><\/span><\/p>\n<p>&nbsp;<\/p>\n<p><span style=\"color: #ff0000;\"><strong><span style=\"font-size: 14pt;\">LEITURA I &#8211; Is 56,1.6-7<\/span><\/strong><\/span><\/p>\n<p>&nbsp;<\/p>\n<p><strong><span style=\"font-size: 14pt;\">Leitura do Livro de Isa\u00edas<\/span><\/strong><\/p>\n<p>&nbsp;<\/p>\n<p><span style=\"font-size: 14pt;\">Eis o que diz o Senhor:<\/span><br \/>\n<span style=\"font-size: 14pt;\">\u00abRespeitai o direito, praticai a justi\u00e7a,<\/span><br \/>\n<span style=\"font-size: 14pt;\">porque a minha salva\u00e7\u00e3o est\u00e1 perto<\/span><br \/>\n<span style=\"font-size: 14pt;\">e a minha justi\u00e7a n\u00e3o tardar\u00e1 a manifestar-se.<\/span><br \/>\n<span style=\"font-size: 14pt;\">Quanto aos estrangeiros que desejam unir-se ao Senhor<\/span><br \/>\n<span style=\"font-size: 14pt;\">para O servirem, para amarem o seu nome e serem seus servos,<\/span><br \/>\n<span style=\"font-size: 14pt;\">se guardarem o s\u00e1bado, sem o profanarem,<\/span><br \/>\n<span style=\"font-size: 14pt;\">se forem fi\u00e9is \u00e0 minha alian\u00e7a,<\/span><br \/>\n<span style=\"font-size: 14pt;\">hei-de conduzi-los ao meu santo nome,<\/span><br \/>\n<span style=\"font-size: 14pt;\">hei-de ench\u00ea-los de alegria na minha casa de ora\u00e7\u00e3o.<\/span><br \/>\n<span style=\"font-size: 14pt;\">Os seus holocaustos e os seus sacrif\u00edcios<\/span><br \/>\n<span style=\"font-size: 14pt;\">ser\u00e3o aceites no meu altar,<\/span><br \/>\n<span style=\"font-size: 14pt;\">porque a minha casa<\/span><br \/>\n<span style=\"font-size: 14pt;\">ser\u00e1 chamada casa de ora\u00e7\u00e3o para todos os povos\u00bb.<\/span><\/p>\n<p>&nbsp;<\/p>\n<p><span style=\"font-size: 14pt;\">Palavra do Senhor.<\/span><\/p>\n<p>&nbsp;<\/p>\n<p>&nbsp;<\/p>\n<p>&nbsp;<\/p>\n<p>&nbsp;<\/p>\n<p><span style=\"color: #ff0000;\"><strong><span style=\"font-size: 14pt;\">SALMO RESPONSORIAL &#8211; Salmo 66 (67)<\/span><\/strong><\/span><\/p>\n<p>&nbsp;<\/p>\n<p><span style=\"font-size: 14pt;\"><span style=\"color: #ff0000;\"><em>Refr\u00e3o:<\/em><\/span><strong> Louvado sejais, Senhor, pelos povos de toda a terra.<\/strong><\/span><\/p>\n<p>&nbsp;<\/p>\n<p><span style=\"font-size: 14pt;\">Deus Se compade\u00e7a de n\u00f3s e nos d\u00ea a sua b\u00ean\u00e7\u00e3o,<\/span><br \/>\n<span style=\"font-size: 14pt;\">resplande\u00e7a sobre n\u00f3s a luz do seu rosto.<\/span><br \/>\n<span style=\"font-size: 14pt;\">Na terra se conhecer\u00e3o os vossos caminhos<\/span><br \/>\n<span style=\"font-size: 14pt;\">e entre os povos a vossa salva\u00e7\u00e3o.<\/span><\/p>\n<p>&nbsp;<\/p>\n<p><span style=\"font-size: 14pt;\">Alegrem-se e exultem as na\u00e7\u00f5es,<\/span><br \/>\n<span style=\"font-size: 14pt;\">porque julgais os povos com justi\u00e7a<\/span><br \/>\n<span style=\"font-size: 14pt;\">e governais as na\u00e7\u00f5es <\/span><\/p>\n<p><span style=\"font-size: 14pt;\">sobre a terra.<\/span><\/p>\n<p>&nbsp;<\/p>\n<p><span style=\"font-size: 14pt;\">Os povos Vos louvem, \u00f3 Deus,<\/span><br \/>\n<span style=\"font-size: 14pt;\">todos os povos Vos louvem.<\/span><br \/>\n<span style=\"font-size: 14pt;\">Deus nos d\u00ea a sua b\u00ean\u00e7\u00e3o<\/span><br \/>\n<span style=\"font-size: 14pt;\">e chegue o seu temor aos confins da terra.<\/span><\/p>\n<p>&nbsp;<\/p>\n<p>&nbsp;<\/p>\n<p>&nbsp;<\/p>\n<p>&nbsp;<\/p>\n<p><span style=\"color: #ff0000;\"><strong><span style=\"font-size: 14pt;\">LEITURA II &#8211; Rom 11,13-15.29-32<\/span><\/strong><\/span><\/p>\n<p>&nbsp;<\/p>\n<p><strong><span style=\"font-size: 14pt;\">Leitura da Ep\u00edstola do ap\u00f3stolo S\u00e3o Paulo aos Romanos<\/span><\/strong><\/p>\n<p>&nbsp;<\/p>\n<p><span style=\"font-size: 14pt;\">Irm\u00e3os:<\/span><br \/>\n<span style=\"font-size: 14pt;\">\u00c9 a v\u00f3s, os gentios, que eu falo:<\/span><br \/>\n<span style=\"font-size: 14pt;\">Enquanto eu for Ap\u00f3stolo dos gentios,<\/span><br \/>\n<span style=\"font-size: 14pt;\">procurarei prestigiar o meu minist\u00e9rio<\/span><br \/>\n<span style=\"font-size: 14pt;\">a ver se provoco o ci\u00fame dos homens da minha ra\u00e7a<\/span><br \/>\n<span style=\"font-size: 14pt;\">e salvo alguns deles.<\/span><br \/>\n<span style=\"font-size: 14pt;\">Porque, se da sua rejei\u00e7\u00e3o resultou a reconcilia\u00e7\u00e3o do mundo,<\/span><br \/>\n<span style=\"font-size: 14pt;\">o que ser\u00e1 a sua reintegra\u00e7\u00e3o<\/span><br \/>\n<span style=\"font-size: 14pt;\">sen\u00e3o uma ressurrei\u00e7\u00e3o de entre os mortos?<\/span><br \/>\n<span style=\"font-size: 14pt;\">Porque os dons e o chamamento de Deus s\u00e3o irrevog\u00e1veis.<\/span><br \/>\n<span style=\"font-size: 14pt;\">V\u00f3s fostes outrora desobedientes a Deus<\/span><br \/>\n<span style=\"font-size: 14pt;\">e agora alcan\u00e7astes miseric\u00f3rdia,<\/span><br \/>\n<span style=\"font-size: 14pt;\">devido \u00e0 desobedi\u00eancia dos judeus.<\/span><br \/>\n<span style=\"font-size: 14pt;\">Assim tamb\u00e9m eles desobedeceram agora,<\/span><br \/>\n<span style=\"font-size: 14pt;\">devido \u00e0 miseric\u00f3rdia que alcan\u00e7astes,<\/span><br \/>\n<span style=\"font-size: 14pt;\">para que, por sua vez,<\/span><br \/>\n<span style=\"font-size: 14pt;\">tamb\u00e9m eles alcancem agora miseric\u00f3rdia.<\/span><br \/>\n<span style=\"font-size: 14pt;\">Efectivamente, Deus encerrou a todos na desobedi\u00eancia,<\/span><br \/>\n<span style=\"font-size: 14pt;\">para usar de miseric\u00f3rdia para com todos.<\/span><\/p>\n<p>&nbsp;<\/p>\n<p><span style=\"font-size: 14pt;\">Palavra do Senhor.<\/span><\/p>\n<p>&nbsp;<\/p>\n<p>&nbsp;<\/p>\n<p>&nbsp;<\/p>\n<p>&nbsp;<\/p>\n<p><span style=\"color: #ff0000;\"><strong><span style=\"font-size: 14pt;\">ALELUIA &#8211; cf. Mt 4,2<\/span><\/strong><\/span><\/p>\n<p>&nbsp;<\/p>\n<p><strong><span style=\"font-size: 14pt;\">Aleluia. Aleluia.<\/span><\/strong><\/p>\n<p>&nbsp;<\/p>\n<p><span style=\"font-size: 14pt;\">Jesus proclamava o evangelho do reino<\/span><br \/>\n<span style=\"font-size: 14pt;\">e curava todas as doen\u00e7as entre o povo.<\/span><\/p>\n<p>&nbsp;<\/p>\n<p>&nbsp;<\/p>\n<p>&nbsp;<\/p>\n<p>&nbsp;<\/p>\n<p><span style=\"color: #ff0000;\"><strong><span style=\"font-size: 14pt;\">EVANGELHO &#8211; Mt 15,21-28<\/span><\/strong><\/span><\/p>\n<p>&nbsp;<\/p>\n<p><strong><span style=\"font-size: 14pt;\">Evangelho de Nosso Senhor Jesus Cristo segundo S\u00e3o Mateus<\/span><\/strong><\/p>\n<p>&nbsp;<\/p>\n<p><span style=\"font-size: 14pt;\">Naquele tempo,<\/span><br \/>\n<span style=\"font-size: 14pt;\">Jesus retirou-Se para os lados de Tiro e Sid\u00f3nia.<\/span><br \/>\n<span style=\"font-size: 14pt;\">Ent\u00e3o, uma mulher cananeia, vinda daqueles arredores,<\/span><br \/>\n<span style=\"font-size: 14pt;\">come\u00e7ou a gritar:<\/span><br \/>\n<span style=\"font-size: 14pt;\">\u00abSenhor, Filho de David, tem compaix\u00e3o de mim.<\/span><br \/>\n<span style=\"font-size: 14pt;\">Minha filha est\u00e1 cruelmente atormentada por um dem\u00f3nio\u00bb.<\/span><br \/>\n<span style=\"font-size: 14pt;\">Mas Jesus n\u00e3o lhe respondeu uma palavra.<\/span><br \/>\n<span style=\"font-size: 14pt;\">Os disc\u00edpulos aproximaram-se e pediram-Lhe:<\/span><br \/>\n<span style=\"font-size: 14pt;\">\u00abAtende-a, porque ela vem a gritar atr\u00e1s de n\u00f3s\u00bb.<\/span><br \/>\n<span style=\"font-size: 14pt;\">Jesus respondeu:<\/span><br \/>\n<span style=\"font-size: 14pt;\">\u00abN\u00e3o fui enviado sen\u00e3o \u00e0s ovelhas perdidas da casa de Israel\u00bb.<\/span><br \/>\n<span style=\"font-size: 14pt;\">Mas a mulher veio prostrar-se diante d&#8217;Ele, dizendo:<\/span><br \/>\n<span style=\"font-size: 14pt;\">\u00abSocorre-me, Senhor\u00bb.<\/span><br \/>\n<span style=\"font-size: 14pt;\">Ele respondeu:<\/span><br \/>\n<span style=\"font-size: 14pt;\">\u00abN\u00e3o \u00e9 justo que se tome o p\u00e3o dos filhos<\/span><br \/>\n<span style=\"font-size: 14pt;\">para o lan\u00e7ar aos cachorrinhos\u00bb.<\/span><br \/>\n<span style=\"font-size: 14pt;\">Mas ela replicou:<\/span><br \/>\n<span style=\"font-size: 14pt;\">\u00ab\u00c9 verdade, Senhor;<\/span><br \/>\n<span style=\"font-size: 14pt;\">mas tamb\u00e9m os cachorrinhos<\/span><br \/>\n<span style=\"font-size: 14pt;\">comem das migalhas que caem da mesa de seus donos\u00bb.<\/span><br \/>\n<span style=\"font-size: 14pt;\">Ent\u00e3o Jesus respondeu-lhe:<\/span><br \/>\n<span style=\"font-size: 14pt;\">\u00abMulher, e grande a tua f\u00e9.<\/span><br \/>\n<span style=\"font-size: 14pt;\">Fa\u00e7a-se como desejas\u00bb.<\/span><br \/>\n<span style=\"font-size: 14pt;\">E, a partir daquele momento, a sua filha ficou curada.<\/span><\/p>\n<p>&nbsp;<\/p>\n<p><span style=\"font-size: 14pt;\">Palavra da salva\u00e7\u00e3o.<\/span><\/p>\n<p>&nbsp;<\/p>\n<p>&nbsp;<\/p>\n","protected":false},"excerpt":{"rendered":"<p>XX Domingo do Tempo Comum &nbsp; &nbsp; Ano A &nbsp; &nbsp; 16 de Agosto de 2026 &nbsp; LEITURA I &#8211; Is 56,1.6-7 &nbsp; Leitura do Livro de Isa\u00edas &nbsp; Eis o que diz o Senhor: \u00abRespeitai o direito, praticai a justi\u00e7a, porque a minha salva\u00e7\u00e3o est\u00e1 perto e a minha justi\u00e7a n\u00e3o tardar\u00e1 a manifestar-se. <a class=\"moretag\" href=\"https:\/\/www.paroquiadesilgueiros.pt\/?p=108\"> Read more &rarr; <\/a><\/p>\n","protected":false},"author":1,"featured_media":0,"comment_status":"open","ping_status":"open","sticky":false,"template":"","format":"standard","meta":{"footnotes":""},"categories":[6],"tags":[],"_links":{"self":[{"href":"https:\/\/www.paroquiadesilgueiros.pt\/index.php?rest_route=\/wp\/v2\/posts\/108"}],"collection":[{"href":"https:\/\/www.paroquiadesilgueiros.pt\/index.php?rest_route=\/wp\/v2\/posts"}],"about":[{"href":"https:\/\/www.paroquiadesilgueiros.pt\/index.php?rest_route=\/wp\/v2\/types\/post"}],"author":[{"embeddable":true,"href":"https:\/\/www.paroquiadesilgueiros.pt\/index.php?rest_route=\/wp\/v2\/users\/1"}],"replies":[{"embeddable":true,"href":"https:\/\/www.paroquiadesilgueiros.pt\/index.php?rest_route=%2Fwp%2Fv2%2Fcomments&post=108"}],"version-history":[{"count":1420,"href":"https:\/\/www.paroquiadesilgueiros.pt\/index.php?rest_route=\/wp\/v2\/posts\/108\/revisions"}],"predecessor-version":[{"id":5707,"href":"https:\/\/www.paroquiadesilgueiros.pt\/index.php?rest_route=\/wp\/v2\/posts\/108\/revisions\/5707"}],"wp:attachment":[{"href":"https:\/\/www.paroquiadesilgueiros.pt\/index.php?rest_route=%2Fwp%2Fv2%2Fmedia&parent=108"}],"wp:term":[{"taxonomy":"category","embeddable":true,"href":"https:\/\/www.paroquiadesilgueiros.pt\/index.php?rest_route=%2Fwp%2Fv2%2Fcategories&post=108"},{"taxonomy":"post_tag","embeddable":true,"href":"https:\/\/www.paroquiadesilgueiros.pt\/index.php?rest_route=%2Fwp%2Fv2%2Ftags&post=108"}],"curies":[{"name":"wp","href":"https:\/\/api.w.org\/{rel}","templated":true}]}}